{"id":1191,"date":"2026-04-26T21:29:30","date_gmt":"2026-04-27T00:29:30","guid":{"rendered":"https:\/\/murillogutier.com.br\/?p=1191"},"modified":"2026-04-26T21:49:29","modified_gmt":"2026-04-27T00:49:29","slug":"quem-guarda-a-constituicao-a-fragmentacao-do-poder-decisorio-no-supremo-tribunal-federal","status":"publish","type":"post","link":"https:\/\/murillogutier.com.br\/?p=1191","title":{"rendered":"Quem Guarda a Constitui\u00e7\u00e3o? A fragmenta\u00e7\u00e3o do poder decis\u00f3rio no Supremo Tribunal Federal"},"content":{"rendered":"\n<p class=\"has-text-align-center\"><strong>Murillo Gutier<\/strong> | murillo@gutier.adv.br<\/p>\n\n\n\n<hr class=\"wp-block-separator has-alpha-channel-opacity\"\/>\n\n\n\n<p class=\"has-text-align-center\"><strong>Resumo<\/strong><\/p>\n\n\n\n<p class=\"has-text-align-justify\">O artigo investiga a <strong>fragmenta\u00e7\u00e3o do poder decis\u00f3rio<\/strong> no <strong>Supremo Tribunal Federal<\/strong>, demonstrando que a pr\u00e1tica institucional do tribunal se distanciou do modelo de <strong>delibera\u00e7\u00e3o colegiada<\/strong> previsto pela Constitui\u00e7\u00e3o de 1988. A partir dos conceitos de <strong>supremocracia<\/strong>, formulado por <strong>Oscar Vilhena Vieira<\/strong>, e de <strong>ministrocracia<\/strong>, desenvolvido por <strong>Diego Werneck Arguelhes<\/strong> e <strong>Leandro Molhano Ribeiro<\/strong>, o estudo analisa como o poder de <strong>decis\u00e3o monocr\u00e1tica<\/strong> \u2014 originalmente excepcional e prec\u00e1rio \u2014 converteu-se em instrumento ordin\u00e1rio de <strong>jurisdi\u00e7\u00e3o constitucional<\/strong> individualizada. O texto examina epis\u00f3dios paradigm\u00e1ticos de concentra\u00e7\u00e3o de <strong>poder individual<\/strong> nos ministros, aborda a <strong>teoria dos atores de veto<\/strong> e as tr\u00eas dimens\u00f5es do poder judicial (decidir, sinalizar e pautar), e avalia as consequ\u00eancias democr\u00e1ticas dessa configura\u00e7\u00e3o, com destaque para o <strong>contramajoritarismo interno<\/strong>, a <strong>conting\u00eancia jurisprudencial<\/strong> e o risco de <strong>captura institucional<\/strong>. O artigo prop\u00f5e reformas institucionais para reequilibrar a tens\u00e3o entre o <strong>poder individual<\/strong> e o <strong>poder coletivo<\/strong> no tribunal.<\/p>\n\n\n\n<p class=\"has-text-align-justify\"><strong>Palavras-chave:<\/strong> supremocracia; ministrocracia; poder decis\u00f3rio; controle de constitucionalidade; decis\u00e3o monocr\u00e1tica; jurisdi\u00e7\u00e3o constitucional; delibera\u00e7\u00e3o colegiada; poder individual; Supremo Tribunal Federal; STF.<\/p>\n\n\n\n<hr class=\"wp-block-separator has-alpha-channel-opacity\"\/>\n\n\n<a  data-e-Disable-Page-Transition=\"true\" class=\"download-link\" title=\"\" href=\"https:\/\/murillogutier.com.br?download=1190&amp;tmstv=1777298144\" rel=\"nofollow\" id=\"download-link-1190\" data-redirect=\"false\" >\n\tQuem Guarda a Constitui\u00e7\u00e3o? A fragmenta\u00e7\u00e3o do poder decis\u00f3rio no Supremo Tribunal Federal - Murillo Gutier\t(1 download\t)\n<\/a>\n\n","protected":false},"excerpt":{"rendered":"<p>Murillo Gutier | murillo@gutier.adv.br Resumo O artigo investiga a fragmenta\u00e7\u00e3o do poder decis\u00f3rio no Supremo Tribunal Federal, demonstrando que a pr\u00e1tica institucional do tribunal se distanciou do modelo de delibera\u00e7\u00e3o colegiada previsto pela Constitui\u00e7\u00e3o de 1988. A partir dos conceitos de supremocracia, formulado por Oscar Vilhena Vieira, e de ministrocracia, desenvolvido por Diego Werneck Arguelhes &hellip; <\/p>\n<p class=\"link-more\"><a href=\"https:\/\/murillogutier.com.br\/?p=1191\" class=\"more-link\">Continue lendo<span class=\"screen-reader-text\"> &#8220;Quem Guarda a Constitui\u00e7\u00e3o? A fragmenta\u00e7\u00e3o do poder decis\u00f3rio no Supremo Tribunal Federal&#8221;<\/span><\/a><\/p>\n","protected":false},"author":1,"featured_media":0,"comment_status":"closed","ping_status":"open","sticky":false,"template":"","format":"standard","meta":{"saved_in_kubio":false,"footnotes":""},"categories":[71],"tags":[117,381,380,378,377,382,379,146,156,376],"class_list":["post-1191","post","type-post","status-publish","format-standard","hentry","category-direito-constitucional","tag-controle-de-constitucionalidade","tag-decisao-monocratica","tag-deliberacao-colegiada","tag-jurisdicao-constitucional","tag-ministrocracia","tag-poder-decisorio","tag-poder-individual","tag-stf","tag-supremo-tribunal-federal","tag-supremocracia"],"_links":{"self":[{"href":"https:\/\/murillogutier.com.br\/index.php?rest_route=\/wp\/v2\/posts\/1191","targetHints":{"allow":["GET"]}}],"collection":[{"href":"https:\/\/murillogutier.com.br\/index.php?rest_route=\/wp\/v2\/posts"}],"about":[{"href":"https:\/\/murillogutier.com.br\/index.php?rest_route=\/wp\/v2\/types\/post"}],"author":[{"embeddable":true,"href":"https:\/\/murillogutier.com.br\/index.php?rest_route=\/wp\/v2\/users\/1"}],"replies":[{"embeddable":true,"href":"https:\/\/murillogutier.com.br\/index.php?rest_route=%2Fwp%2Fv2%2Fcomments&post=1191"}],"version-history":[{"count":1,"href":"https:\/\/murillogutier.com.br\/index.php?rest_route=\/wp\/v2\/posts\/1191\/revisions"}],"predecessor-version":[{"id":1199,"href":"https:\/\/murillogutier.com.br\/index.php?rest_route=\/wp\/v2\/posts\/1191\/revisions\/1199"}],"wp:attachment":[{"href":"https:\/\/murillogutier.com.br\/index.php?rest_route=%2Fwp%2Fv2%2Fmedia&parent=1191"}],"wp:term":[{"taxonomy":"category","embeddable":true,"href":"https:\/\/murillogutier.com.br\/index.php?rest_route=%2Fwp%2Fv2%2Fcategories&post=1191"},{"taxonomy":"post_tag","embeddable":true,"href":"https:\/\/murillogutier.com.br\/index.php?rest_route=%2Fwp%2Fv2%2Ftags&post=1191"}],"curies":[{"name":"wp","href":"https:\/\/api.w.org\/{rel}","templated":true}]}}