{"id":1161,"date":"2026-04-26T11:14:00","date_gmt":"2026-04-26T14:14:00","guid":{"rendered":"https:\/\/murillogutier.com.br\/?p=1161"},"modified":"2026-04-26T20:27:13","modified_gmt":"2026-04-26T23:27:13","slug":"o-insulto-que-a-constituicao-e-o-stf-proibiram","status":"publish","type":"post","link":"https:\/\/murillogutier.com.br\/?p=1161","title":{"rendered":"O Insulto que a Constitui\u00e7\u00e3o e o STF Proibiram"},"content":{"rendered":"\n<p class=\"has-text-align-center\"><em>Viol\u00eancia simb\u00f3lica no discurso do poder<\/em><\/p>\n\n\n\n<p class=\"has-text-align-center\"><strong>Murillo Gutier<\/strong> | murillo@gutier.adv.br<\/p>\n\n\n\n<hr class=\"wp-block-separator has-alpha-channel-opacity\"\/>\n\n\n\n<p class=\"has-text-align-center\"><strong>Resumo<\/strong><\/p>\n\n\n\n<p class=\"has-text-align-justify\">O artigo analisa a fala atribu\u00edda ao Ministro <strong>Gilmar Mendes<\/strong> em entrevista ao <em>Metr\u00f3poles<\/em>, em 23 de abril de 2026, na qual a <strong>homossexualidade<\/strong> foi utilizada como exemplo de situa\u00e7\u00e3o ofensiva \u00e0 imagem de um homem p\u00fablico. A partir do conceito de <strong>viol\u00eancia simb\u00f3lica<\/strong> desenvolvido por <strong>Slavoj \u017di\u017eek<\/strong>, o texto examina como a linguagem pode operar como instrumento de exclus\u00e3o e inferioriza\u00e7\u00e3o, mesmo sem agress\u00e3o direta. O estudo confronta a declara\u00e7\u00e3o com precedentes do <strong>STF<\/strong> (<strong>ADO 26\/DF<\/strong> e <strong>ADPF 787\/DF<\/strong>), com o hist\u00f3rico do <strong>\u00a7 175 do C\u00f3digo Penal alem\u00e3o<\/strong>, com o julgamento <strong>Obergefell v. Hodges<\/strong> da Suprema Corte dos Estados Unidos e com a <strong>Resolu\u00e7\u00e3o CNJ n. 305\/2019<\/strong>, evidenciando a contradi\u00e7\u00e3o entre a prote\u00e7\u00e3o constitucional da <strong>dignidade humana<\/strong> e o uso ret\u00f3rico da <strong>diversidade sexual<\/strong> como categoria de humilha\u00e7\u00e3o p\u00fablica.<\/p>\n\n\n\n<p class=\"has-text-align-justify\"><strong>Palavras-chave:<\/strong> viol\u00eancia simb\u00f3lica; dignidade humana; diversidade sexual; LGBTfobia; homotransfobia; linguagem constitucional; discurso do poder; \u00e9tica judicial; STF; direitos fundamentais.<\/p>\n\n\n\n<hr class=\"wp-block-separator has-alpha-channel-opacity\"\/>\n\n\n<a  data-e-Disable-Page-Transition=\"true\" class=\"download-link\" title=\"Vers\u00e3o murillo gutier\" href=\"https:\/\/murillogutier.com.br?download=1160&amp;tmstv=1777298118\" rel=\"nofollow\" id=\"download-link-1160\" data-redirect=\"false\" >\n\tO Insulto que a Constitui\u00e7\u00e3o e o STF Proibiram - Murillo Gutier\t(2 downloads\t)\n<\/a>\n\n","protected":false},"excerpt":{"rendered":"<p>Viol\u00eancia simb\u00f3lica no discurso do poder Murillo Gutier | murillo@gutier.adv.br Resumo O artigo analisa a fala atribu\u00edda ao Ministro Gilmar Mendes em entrevista ao Metr\u00f3poles, em 23 de abril de 2026, na qual a homossexualidade foi utilizada como exemplo de situa\u00e7\u00e3o ofensiva \u00e0 imagem de um homem p\u00fablico. A partir do conceito de viol\u00eancia simb\u00f3lica &hellip; <\/p>\n<p class=\"link-more\"><a href=\"https:\/\/murillogutier.com.br\/?p=1161\" class=\"more-link\">Continue lendo<span class=\"screen-reader-text\"> &#8220;O Insulto que a Constitui\u00e7\u00e3o e o STF Proibiram&#8221;<\/span><\/a><\/p>\n","protected":false},"author":1,"featured_media":0,"comment_status":"closed","ping_status":"open","sticky":false,"template":"","format":"standard","meta":{"saved_in_kubio":false,"footnotes":""},"categories":[71],"tags":[79,17,352,348,350,347,351,346,146,156,349],"class_list":["post-1161","post","type-post","status-publish","format-standard","hentry","category-direito-constitucional","tag-dignidade-humana","tag-direitos-fundamentais","tag-discurso-do-poder","tag-diversidade-sexual","tag-etica-judicial","tag-homotransfobia","tag-lgbtfobia","tag-linguagem-constitucional","tag-stf","tag-supremo-tribunal-federal","tag-violencia-simbolica"],"_links":{"self":[{"href":"https:\/\/murillogutier.com.br\/index.php?rest_route=\/wp\/v2\/posts\/1161","targetHints":{"allow":["GET"]}}],"collection":[{"href":"https:\/\/murillogutier.com.br\/index.php?rest_route=\/wp\/v2\/posts"}],"about":[{"href":"https:\/\/murillogutier.com.br\/index.php?rest_route=\/wp\/v2\/types\/post"}],"author":[{"embeddable":true,"href":"https:\/\/murillogutier.com.br\/index.php?rest_route=\/wp\/v2\/users\/1"}],"replies":[{"embeddable":true,"href":"https:\/\/murillogutier.com.br\/index.php?rest_route=%2Fwp%2Fv2%2Fcomments&post=1161"}],"version-history":[{"count":1,"href":"https:\/\/murillogutier.com.br\/index.php?rest_route=\/wp\/v2\/posts\/1161\/revisions"}],"predecessor-version":[{"id":1170,"href":"https:\/\/murillogutier.com.br\/index.php?rest_route=\/wp\/v2\/posts\/1161\/revisions\/1170"}],"wp:attachment":[{"href":"https:\/\/murillogutier.com.br\/index.php?rest_route=%2Fwp%2Fv2%2Fmedia&parent=1161"}],"wp:term":[{"taxonomy":"category","embeddable":true,"href":"https:\/\/murillogutier.com.br\/index.php?rest_route=%2Fwp%2Fv2%2Fcategories&post=1161"},{"taxonomy":"post_tag","embeddable":true,"href":"https:\/\/murillogutier.com.br\/index.php?rest_route=%2Fwp%2Fv2%2Ftags&post=1161"}],"curies":[{"name":"wp","href":"https:\/\/api.w.org\/{rel}","templated":true}]}}